{"id":4081,"date":"2023-05-03T14:24:48","date_gmt":"2023-05-03T12:24:48","guid":{"rendered":"https:\/\/www.workandpadel.fr\/?p=4081"},"modified":"2023-05-30T14:32:56","modified_gmt":"2023-05-30T12:32:56","slug":"article-in-la-provence-winning-service-for-aix-based-company","status":"publish","type":"post","link":"https:\/\/www.workandpadel.fr\/en\/article-dans-la-provence-service-gagnant-pour-la-societe-aixoise\/","title":{"rendered":"Article in La Provence \"Winning service for the Aix company\"."},"content":{"rendered":"<figure class=\"wp-block-image size-large is-resized\"><a href=\"https:\/\/www.laprovence.com\/article\/economie\/4460328386284115\/service-gagnant-pour-la-societe-aixoise-work-and-padel\" target=\"_blank\" rel=\"noopener\"><img fetchpriority=\"high\" decoding=\"async\" src=\"https:\/\/www.workandpadel.fr\/wp-content\/uploads\/2023\/05\/Capture-decran-2023-05-30-a-14.27.24-1024x932.png\" alt=\"\" class=\"wp-image-4082\" width=\"840\" height=\"764\" title=\"Photo -\"><\/a><\/figure>\n\n\n\n<p><a href=\"https:\/\/www.laprovence.com\/article\/economie\/4460328386284115\/service-gagnant-pour-la-societe-aixoise-work-and-padel\" target=\"_blank\" rel=\"noopener\">Superb paper<\/a> in the regional daily newspaper of 29 April, which highlights the recent 180\u00b0 turn taken by Work and Padel, with the success you'll know after reading the article ...<br><br>Dorian Bargigli, Robin Racassa and the entire W&amp;P team are very proud to be starting to reap the rewards of all the hard work they've put in over the past year.<br><br>Our aim? To become one of the French leaders in 360\u00b0 Padel project support. It's a tough ambition, but one that we're going to put all our energy into to make a reality!<br><br>Thank you to La Provence for helping to raise the profile of this magical sport, and above all thank you to everyone for your continued support since our inception.<\/p>","protected":false},"excerpt":{"rendered":"<p>Superbe papier dans le quotidien r\u00e9gional en date du 29 avril, qui met en lumi\u00e8re le r\u00e9cent virage \u00e0 180\u00b0 pris par\u00a0Work and Padel, avec le succ\u00e8s que vous connaitrez apr\u00e8s avoir lu l&rsquo;article &#8230; C&rsquo;est avec beaucoup de fiert\u00e9 que\u00a0Dorian Bargigli, Robin Racassa\u00a0et toute la team W&amp;P commencent \u00e0 r\u00e9colter les fruits de tout [&hellip;]<\/p>\n","protected":false},"author":13,"featured_media":0,"comment_status":"closed","ping_status":"open","sticky":false,"template":"","format":"standard","meta":{"inline_featured_image":false,"_price":"","_stock":"","_tribe_ticket_header":"","_tribe_default_ticket_provider":"","_tribe_ticket_capacity":"0","_ticket_start_date":"","_ticket_end_date":"","_tribe_ticket_show_description":"","_tribe_ticket_show_not_going":false,"_tribe_ticket_use_global_stock":"","_tribe_ticket_global_stock_level":"","_global_stock_mode":"","_global_stock_cap":"","_tribe_rsvp_for_event":"","_tribe_ticket_going_count":"","_tribe_ticket_not_going_count":"","_tribe_tickets_list":"[]","_tribe_ticket_has_attendee_info_fields":false,"footnotes":""},"categories":[1],"tags":[],"class_list":["post-4081","post","type-post","status-publish","format-standard","hentry","category-non-classe"],"_links":{"self":[{"href":"https:\/\/www.workandpadel.fr\/en\/wp-json\/wp\/v2\/posts\/4081","targetHints":{"allow":["GET"]}}],"collection":[{"href":"https:\/\/www.workandpadel.fr\/en\/wp-json\/wp\/v2\/posts"}],"about":[{"href":"https:\/\/www.workandpadel.fr\/en\/wp-json\/wp\/v2\/types\/post"}],"author":[{"embeddable":true,"href":"https:\/\/www.workandpadel.fr\/en\/wp-json\/wp\/v2\/users\/13"}],"replies":[{"embeddable":true,"href":"https:\/\/www.workandpadel.fr\/en\/wp-json\/wp\/v2\/comments?post=4081"}],"version-history":[{"count":1,"href":"https:\/\/www.workandpadel.fr\/en\/wp-json\/wp\/v2\/posts\/4081\/revisions"}],"predecessor-version":[{"id":4083,"href":"https:\/\/www.workandpadel.fr\/en\/wp-json\/wp\/v2\/posts\/4081\/revisions\/4083"}],"wp:attachment":[{"href":"https:\/\/www.workandpadel.fr\/en\/wp-json\/wp\/v2\/media?parent=4081"}],"wp:term":[{"taxonomy":"category","embeddable":true,"href":"https:\/\/www.workandpadel.fr\/en\/wp-json\/wp\/v2\/categories?post=4081"},{"taxonomy":"post_tag","embeddable":true,"href":"https:\/\/www.workandpadel.fr\/en\/wp-json\/wp\/v2\/tags?post=4081"}],"curies":[{"name":"wp","href":"https:\/\/api.w.org\/{rel}","templated":true}]}}